{"id":32591,"date":"2023-07-08T12:06:48","date_gmt":"2023-07-08T10:06:48","guid":{"rendered":"https:\/\/www.polypal.com\/logistica-del-frio-como-lograr-un-almacen-refrigerado-energeticamente-eficiente-parte-i\/"},"modified":"2024-08-06T14:49:21","modified_gmt":"2024-08-06T12:49:21","slug":"logistica-del-frio-como-lograr-un-almacen-refrigerado-energeticamente-eficiente-parte-i","status":"publish","type":"post","link":"https:\/\/www.polypal.com\/co\/logistica-del-frio-como-lograr-un-almacen-refrigerado-energeticamente-eficiente-parte-i\/","title":{"rendered":"Log\u00edstica del fr\u00edo. C\u00f3mo lograr un almac\u00e9n refrigerado energ\u00e9ticamente eficiente (parte I)"},"content":{"rendered":"<p>La mayor\u00eda de los productos de alimentaci\u00f3n de consumo diario necesitan refrigeraci\u00f3n para asegurar su calidad y evitar problemas de salud.<\/p>\n<p>Factores como el consumo en los hogares, las exportaciones e importaciones, y el aumento del comercio online de productos frescos, generan un incremento del volumen de productos que deben mantenerse a temperatura controlada.<\/p>\n<p>Las operaciones log\u00edsticas de productos congelados y refrigerados, como en el sector de la alimentaci\u00f3n o la industria farmac\u00e9utica, requieren procesos m\u00e1s exigentes y rigurosos que los productos que no necesitan estar almacenados a temperatura controlada. Ya que un tratamiento incorrecto en la operativa log\u00edstica puede romper la cadena de fr\u00edo. En productos de alimentaci\u00f3n la rotura de la cadena de fr\u00edo es f\u00e1cilmente identificable, el deterioro del producto es visible. Sin embargo, en productos farmac\u00e9uticos como en el caso de las vacunas, este deterioro no es identificable y las consecuencias de su uso en mal estado son incalculables.<\/p>\n<p><strong><u>\u00bfQu\u00e9 es la cadena de fr\u00edo?<\/u><\/strong><\/p>\n<p>La cadena de fr\u00edo comprende una serie de actividades de producci\u00f3n, almacenamiento y distribuci\u00f3n de productos refrigerados que mantienen la calidad de estos productos a trav\u00e9s de unos procesos de temperatura controlada. Esta temperatura debe ser estable y regular desde la recolecci\u00f3n o producci\u00f3n, hasta llegar al consumidor final.<\/p>\n<p><img decoding=\"async\" class=\"aligncenter wp-image-17366\" src=\"https:\/\/www.polypal.com\/wp-content\/uploads\/2021\/12\/Cadena-de-frio_polypal-e1638350801115.jpg\" sizes=\"(max-width: 956px) 100vw, 956px\" srcset=\"https:\/\/www.polypal.com\/wp-content\/uploads\/2021\/12\/Cadena-de-frio_polypal-e1638350801115.jpg 1699w, https:\/\/www.polypal.com\/wp-content\/uploads\/2021\/12\/Cadena-de-frio_polypal-e1638350801115-480x188.jpg 480w, https:\/\/www.polypal.com\/wp-content\/uploads\/2021\/12\/Cadena-de-frio_polypal-e1638350801115-150x59.jpg 150w, https:\/\/www.polypal.com\/wp-content\/uploads\/2021\/12\/Cadena-de-frio_polypal-e1638350801115-1024x402.jpg 1024w, https:\/\/www.polypal.com\/wp-content\/uploads\/2021\/12\/Cadena-de-frio_polypal-e1638350801115-1536x603.jpg 1536w\" alt=\"Cadena de fr\u00edo | POLYPAL STORAGE SYSTEMS\" width=\"956\" height=\"375\" \/><\/p>\n<p>La mayor\u00eda de los productos deben congelarse o refrigerarse en un intervalo de temperaturas: para productos congelados deber\u00e1n ser inferiores a &#8211; 18 \u00baC y para refrigerados superiores a 0\u00baC.<\/p>\n<p>Asimismo, tambi\u00e9n hay un tiempo m\u00e1ximo de almacenamiento seg\u00fan el tipo de producto y el ambiente de almacenaje:<\/p>\n<p>&nbsp;<\/p>\n<p><img decoding=\"async\" class=\"aligncenter wp-image-17375 \" src=\"https:\/\/www.polypal.com\/wp-content\/uploads\/2021\/12\/Tabla-alimentos-refrigerados-almacenamiento_polypal.jpg\" sizes=\"(max-width: 559px) 100vw, 559px\" srcset=\"https:\/\/www.polypal.com\/wp-content\/uploads\/2021\/12\/Tabla-alimentos-refrigerados-almacenamiento_polypal.jpg 1258w, https:\/\/www.polypal.com\/wp-content\/uploads\/2021\/12\/Tabla-alimentos-refrigerados-almacenamiento_polypal-480x435.jpg 480w, https:\/\/www.polypal.com\/wp-content\/uploads\/2021\/12\/Tabla-alimentos-refrigerados-almacenamiento_polypal-150x136.jpg 150w, https:\/\/www.polypal.com\/wp-content\/uploads\/2021\/12\/Tabla-alimentos-refrigerados-almacenamiento_polypal-1024x928.jpg 1024w\" alt=\"Tabla alimentos refrigerados almacenamiento | POLYPAL STORAGE SYSTEMS\" width=\"559\" height=\"507\" \/><\/p>\n<p>&nbsp;<\/p>\n<p><strong>Los almacenes frigor\u00edficos se rigen por las siguientes normativas:<\/strong><\/p>\n<ul>\n<li>Real Decreto 3099\/1977, del 8 de septiembre, por el que se aprueba el Reglamento de Seguridad para Plantas e Instalaciones Frigor\u00edficas.<\/li>\n<li>Reglamentaci\u00f3n t\u00e9cnico-sanitaria sobre condiciones generales de almacenamiento frigor\u00edfico de alimentos y productos alimentarios.<\/li>\n<\/ul>\n<p><strong><u>Puntos clave a tener en cuenta, previos al dise\u00f1o de un almac\u00e9n frigor\u00edfico:<\/u><\/strong><\/p>\n<p>En el dise\u00f1o de almacenes frigor\u00edficos prestaremos especial atenci\u00f3n a los siguientes puntos. Que si bien aplican tanto a almacenes no refrigerados como refrigerados, para estos \u00faltimos su importancia es mayor debido al coste energ\u00e9tico que conlleva el mantenimiento de este tipo de almacenes.<\/p>\n<ul>\n<li>Determinar las necesidades de la instalaci\u00f3n partiendo del tipo de carga a almacenar, ya que tendr\u00e1 unas caracter\u00edsticas f\u00edsicas y de tratamiento determinadas.<\/li>\n<li>Conocer el volumen de mercanc\u00eda a almacenar para dimensionar las instalaciones y las c\u00e1maras frigor\u00edficas.<\/li>\n<li>Homogeneizar la carga y su recepci\u00f3n adapt\u00e1ndola a formatos que faciliten la accesibilidad: paletas, jaulas, sacos, etc.<\/li>\n<li>Establecer los flujos de entrada y salida de la mercanc\u00eda, para determinar las \u00e1reas de servicio y la capacidad de las c\u00e1maras frigor\u00edficas.<\/li>\n<li>Conocer la estacionalidad de la mercanc\u00eda para predecir picos de compras y expediciones.<\/li>\n<\/ul>\n<p>&nbsp;<\/p>\n<p><strong><u>Equipamiento de un almac\u00e9n frigor\u00edfico:<\/u><\/strong><\/p>\n<p><strong>C\u00e1maras:<\/strong><\/p>\n<p>Se definir\u00e1n correctamente las dimensiones de las c\u00e1maras para el almacenaje del stock y la posibilidad de preparar los pedidos en ellas.<\/p>\n<p>La\u00a0<em>Reglamentaci\u00f3n t\u00e9cnico-sanitaria sobre condiciones generales de almacenamiento frigor\u00edfico de alimentos y productos alimentarios<\/em>\u00a0recoge los siguientes tipos de c\u00e1maras frigor\u00edficas m\u00e1s habituales:<\/p>\n<p>&nbsp;<\/p>\n<p><strong>TIPOS DE C\u00c1MARAS FRIGOR\u00cdFICAS M\u00c1S HABITUALES<\/strong><\/p>\n<p>&nbsp;<\/p>\n<p><img decoding=\"async\" class=\"alignnone wp-image-17384 size-full\" src=\"https:\/\/www.polypal.com\/wp-content\/uploads\/2021\/12\/Tabla-camara-frigorifica_polypal.jpg\" sizes=\"(max-width: 1920px) 100vw, 1920px\" srcset=\"https:\/\/www.polypal.com\/wp-content\/uploads\/2021\/12\/Tabla-camara-frigorifica_polypal.jpg 1920w, https:\/\/www.polypal.com\/wp-content\/uploads\/2021\/12\/Tabla-camara-frigorifica_polypal-480x323.jpg 480w, https:\/\/www.polypal.com\/wp-content\/uploads\/2021\/12\/Tabla-camara-frigorifica_polypal-150x101.jpg 150w, https:\/\/www.polypal.com\/wp-content\/uploads\/2021\/12\/Tabla-camara-frigorifica_polypal-1024x688.jpg 1024w, https:\/\/www.polypal.com\/wp-content\/uploads\/2021\/12\/Tabla-camara-frigorifica_polypal-1536x1032.jpg 1536w\" alt=\"Tipos de c\u00e1maras frigor\u00edficas | POLYPAL STORAGE SYSTEMS\" width=\"1920\" height=\"1290\" \/><\/p>\n<p>En las c\u00e1maras refrigeradas se instalar\u00e1n losas convencionales con acabado rugoso y antipolvo para evitar ca\u00eddas o deslizamientos, as\u00ed como aislantes y losas t\u00e9rmicas con aireaci\u00f3n para evitar que el pavimento se congele.<\/p>\n<p><strong>Sistemas de estanter\u00edas para almacenes refrigerados:<\/strong><\/p>\n<p><strong>C\u00f3mo elegir el sistema de estanter\u00edas m\u00e1s adecuado para tu almac\u00e9n frigor\u00edfico<\/strong><\/p>\n<p>El sistema de almacenaje es una parte indispensable de la propia cadena log\u00edstica.<\/p>\n<p>En funci\u00f3n de las necesidades del cliente optaremos por un sistema u otro, siempre teniendo en cuenta que el sistema de estanter\u00edas debe:<\/p>\n<ul>\n<li><strong>Optimizar el espacio<\/strong>: optaremos por un sistema de almacenaje que nos permita lograr una capacidad de almacenamiento mayor para la misma superficie. De esta forma reduciremos el coste de refrigeraci\u00f3n.<\/li>\n<li>Las estanter\u00edas utilizadas en las instalaciones de fr\u00edo son las mismas que para una instalaci\u00f3n a temperatura ambiente, ya que son aptas para cualquier necesidad y situaci\u00f3n. Sin embargo, si necesitamos que las estanter\u00edas resistan condiciones adversas como el \u00f3xido o la corrosi\u00f3n, podemos optar por\u00a0<strong>estanter\u00edas con acabado galvanizado<\/strong>.<\/li>\n<li><strong>Facilidad de acceso a las unidades de carga<\/strong>. Al disminuir el tr\u00e1nsito en las zonas refrigeradas evitaremos el riesgo de condensaci\u00f3n en el interior de las c\u00e1maras.<\/li>\n<li><strong>Evitar desplazamientos innecesarios de los operarios a bajas temperaturas.<\/strong>\u00a0Trabajar a bajas temperaturas disminuye la productividad y aumenta el riesgo de sufrir accidentes.<\/li>\n<\/ul>\n<p>Para el almacenaje en fr\u00edo optaremos por sistemas que permitan una mayor compactaci\u00f3n de la carga, as\u00ed como sistemas autom\u00e1ticos o semiautom\u00e1ticos para evitar la exposici\u00f3n a bajas temperaturas de los trabajadores del almac\u00e9n.\u00a0<strong><a href=\"https:\/\/www.polypal.com\/blog\/los-sistemas-de-almacenaje-mas-adecuados-para-tu-almacen-frigorifico-parte-ii\/\">En este post<\/a><\/strong>\u00a0te explicamos cu\u00e1les son los\u00a0<strong><a href=\"https:\/\/www.polypal.com\/blog\/los-sistemas-de-almacenaje-mas-adecuados-para-tu-almacen-frigorifico-parte-ii\/\">sistemas recomendados para el almacenaje en fr\u00edo<\/a><\/strong>.<\/p>\n<p><strong>Equipos de manutenci\u00f3n:<\/strong><\/p>\n<p>Elegiremos el equipo de manutenci\u00f3n acorde a nuestro sistema de almacenaje. Pero adem\u00e1s, en el caso de los almacenes frigor\u00edficos debemos escoger equipos aptos para trabajar en ambientes fr\u00edos y a temperaturas extremas.<\/p>\n<p>Si no optamos por un equipo espec\u00edfico para c\u00e1maras frigor\u00edficas, el fr\u00edo puede afectar a la bater\u00eda, los componentes electr\u00f3nicos y la carrocer\u00eda del equipo de manutenci\u00f3n.<\/p>\n<p>Para este tipo de almacenes tambi\u00e9n existen cabinas totalmente cerradas y calefactadas para que los operarios se mantengan calientes en su interior y puedan alcanzar una mayor productividad trabajando a bajas temperaturas.<\/p>\n<p>En los almacenes a temperatura &#8211; 0\u00baC no se puede trabajar con equipos de manutenci\u00f3n con motor de gas o gasoil y las bater\u00edas tampoco se pueden cargar en las zonas con temperatura bajo 0.<\/p>\n<p>Si queremos tener el punto de recarga de la carretilla dentro de la zona de la c\u00e1mara frigor\u00edfica, optaremos por carretillas con bater\u00eda de iones de litio. De esta forma podemos cargar la carretilla durante los descansos, evitamos el cambio de bater\u00edas y los problemas de condensaci\u00f3n.<\/p>\n<p>Otro punto a favor de las bater\u00edas de litio es que en ambientes fr\u00edos apenas pierden rendimiento, son m\u00e1s eficientes energ\u00e9ticamente y duran hasta 3 veces m\u00e1s que una bater\u00eda de plomo-\u00e1cido.<\/p>\n<p>IMPORTANTE: La bater\u00eda de la carretilla.<br \/>\nLas bater\u00edas de iones de litio (LI-ION) son las m\u00e1s id\u00f3neas para un ambiente fr\u00edo ya que apenas pierden rendimiento a bajas temperaturas, y son el triple de duraderas, adem\u00e1s de un 30% m\u00e1s eficientes energ\u00e9ticamente respecto a las bater\u00edas de plomo-\u00e1cido.<\/p>\n<p><strong><u>Cuidado medioambiental y ahorro energ\u00e9tico del almacenaje frigor\u00edfico<\/u><\/strong><\/p>\n<p>Cada vez es mayor la sensibilidad por reducir el consumo energ\u00e9tico y la responsabilidad de las empresas por contribuir al cuidado medioambiental.<\/p>\n<p>Controlar estos factores puede ayudar a reducir el consumo de energ\u00eda de tu almac\u00e9n frigor\u00edfico:<\/p>\n<ul>\n<li>Realizar un correcto dise\u00f1o en planta de tu almac\u00e9n frigor\u00edfico.<\/li>\n<li>Instalar dispositivos de ahorro energ\u00e9tico: En almacenes comunes de congelado y refrigerado, el consumo energ\u00e9tico suele ser de 3,5 y 4kWh\/m3\/mes. Sin embargo, en aquellos que incorporan dispositivos de ahorro energ\u00e9tico, el consumo se sit\u00faa entre los 2,7 y 3kWh\/m3\/mes. Esto se traduce en un ahorro de m\u00e1s de un 20% de energ\u00eda.<\/li>\n<li>Prestar atenci\u00f3n a la distribuci\u00f3n de aire en el interior de la nave.<\/li>\n<li>Asegurar un buen aislamiento sobre todo en paredes, suelos, techos y puertas, para asegurar que no haya p\u00e9rdidas o ganancias de temperatura.<\/li>\n<li>Instalar controles electr\u00f3nicos de funcionamiento.<\/li>\n<li>El uso del amoniaco como refrigerante permite reducir el consumo energ\u00e9tico y no supone un mayor impacto en el medio ambiente que otros refrigerantes. La tendencia en el futuro ser\u00e1 utilizar el CO2, considerado refrigerante ecol\u00f3gico.<\/li>\n<\/ul>\n<p>Cada vez es mayor la sensibilidad por reducir el consumo energ\u00e9tico y la responsabilidad de las empresas por contribuir al cuidado medioambiental. Por esta raz\u00f3n es habitual que las naves de \u00faltima generaci\u00f3n ya incorporen dispositivos de ahorro energ\u00e9tico y cuidado medioambiental. En almacenes est\u00e1ndar de congelado y refrigerado, el consumo energ\u00e9tico suele ser de 3,5 y 4kWh\/m3\/mes. Sin embargo, en aquellos que incorporan dispositivos de ahorro energ\u00e9tico, el consumo se sit\u00faa entre los 2,7 y 3kWh\/m3\/mes. Esto se traduce en un ahorro de un 20% de energ\u00eda.<\/p>\n<p>Si quieres saber m\u00e1s sobre el dise\u00f1o de almacenes,\u00a0<strong><a href=\"https:\/\/www.polypal.com\/co\/blog\/layout-de-la-bodega-como-realizar-un-correcto-diseno-en-planta-y-sus-beneficios\/\">en este post<\/a><\/strong>\u00a0te explicamos los\u00a0<strong><a href=\"https:\/\/www.polypal.com\/co\/blog\/layout-de-la-bodega-como-realizar-un-correcto-diseno-en-planta-y-sus-beneficios\/\">factores que debes tener en cuenta y las principales zonas que debe contemplar el layout de tu almac\u00e9n<\/a><\/strong>.<\/p>\n<p>Elegir un proveedor experto en instalaciones frigor\u00edficas es de suma importancia.<\/p>\n<p>El dise\u00f1o de la instalaci\u00f3n debe tener en cuenta las necesidades del cliente, considerando el coste inicial de la inversi\u00f3n, la reducci\u00f3n del gasto energ\u00e9tico que podemos alcanzar, as\u00ed como el ahorro energ\u00e9tico que obtendremos a lo largo de la vida \u00fatil del almac\u00e9n frigor\u00edfico. Ya que el ahorro de costes y consumo energ\u00e9tico es primordial para el sector del fr\u00edo.<\/p>\n<p>&nbsp;<\/p>\n<p><a href=\"https:\/\/www.polypal.com\/co\/contacto\/#FormularioDeContacto\"><img decoding=\"async\" loading=\"lazy\" class=\"alignnone size-full wp-image-16403\" src=\"https:\/\/www.polypal.com\/wp-content\/uploads\/2021\/03\/Banner-contacto-scaled.jpg\" alt=\"Contacto | POLYPAL STORAGE SYSTEMS\" width=\"2560\" height=\"592\" srcset=\"https:\/\/www.polypal.com\/wp-content\/uploads\/2021\/03\/Banner-contacto-scaled.jpg 2560w, https:\/\/www.polypal.com\/wp-content\/uploads\/2021\/03\/Banner-contacto-480x111.jpg 480w, https:\/\/www.polypal.com\/wp-content\/uploads\/2021\/03\/Banner-contacto-1920x444.jpg 1920w, https:\/\/www.polypal.com\/wp-content\/uploads\/2021\/03\/Banner-contacto-150x35.jpg 150w, https:\/\/www.polypal.com\/wp-content\/uploads\/2021\/03\/Banner-contacto-1024x237.jpg 1024w, https:\/\/www.polypal.com\/wp-content\/uploads\/2021\/03\/Banner-contacto-1536x355.jpg 1536w, https:\/\/www.polypal.com\/wp-content\/uploads\/2021\/03\/Banner-contacto-2048x473.jpg 2048w\" sizes=\"auto, (max-width: 2560px) 100vw, 2560px\"><\/a><\/p>\n","protected":false},"excerpt":{"rendered":"<p>La mayor\u00eda de los productos de alimentaci\u00f3n de consumo diario necesitan refrigeraci\u00f3n para asegurar su calidad y evitar problemas de salud. Factores como el consumo en los hogares, las exportaciones e importaciones, y el aumento del comercio online de productos frescos, generan un incremento del volumen de productos que deben mantenerse a temperatura controlada. Las [&hellip;]<\/p>\n","protected":false},"author":7,"featured_media":28178,"comment_status":"open","ping_status":"open","sticky":false,"template":"","format":"standard","meta":{"content-type":"","footnotes":""},"categories":[770,1593,772,771,773],"tags":[],"class_list":["post-32591","post","type-post","status-publish","format-standard","has-post-thumbnail","hentry","category-bodega","category-cadena-de-suministro-co","category-gestion-bodega","category-logistica-co-2","category-sector-co"],"_links":{"self":[{"href":"https:\/\/www.polypal.com\/co\/wp-json\/wp\/v2\/posts\/32591","targetHints":{"allow":["GET"]}}],"collection":[{"href":"https:\/\/www.polypal.com\/co\/wp-json\/wp\/v2\/posts"}],"about":[{"href":"https:\/\/www.polypal.com\/co\/wp-json\/wp\/v2\/types\/post"}],"author":[{"embeddable":true,"href":"https:\/\/www.polypal.com\/co\/wp-json\/wp\/v2\/users\/7"}],"replies":[{"embeddable":true,"href":"https:\/\/www.polypal.com\/co\/wp-json\/wp\/v2\/comments?post=32591"}],"version-history":[{"count":0,"href":"https:\/\/www.polypal.com\/co\/wp-json\/wp\/v2\/posts\/32591\/revisions"}],"wp:featuredmedia":[{"embeddable":true,"href":"https:\/\/www.polypal.com\/co\/wp-json\/wp\/v2\/media\/28178"}],"wp:attachment":[{"href":"https:\/\/www.polypal.com\/co\/wp-json\/wp\/v2\/media?parent=32591"}],"wp:term":[{"taxonomy":"category","embeddable":true,"href":"https:\/\/www.polypal.com\/co\/wp-json\/wp\/v2\/categories?post=32591"},{"taxonomy":"post_tag","embeddable":true,"href":"https:\/\/www.polypal.com\/co\/wp-json\/wp\/v2\/tags?post=32591"}],"curies":[{"name":"wp","href":"https:\/\/api.w.org\/{rel}","templated":true}]}}