{"id":33280,"date":"2023-07-05T12:08:29","date_gmt":"2023-07-05T10:08:29","guid":{"rendered":"https:\/\/www.polypal.com\/planifica-y-optimiza-el-espacio-de-tu-almacen-para-la-campana-de-navidad\/"},"modified":"2025-05-30T10:10:58","modified_gmt":"2025-05-30T08:10:58","slug":"planifica-y-optimiza-el-espacio-de-tu-almacen-para-la-campana-de-navidad","status":"publish","type":"post","link":"https:\/\/www.polypal.com\/co\/planifica-y-optimiza-el-espacio-de-tu-almacen-para-picos-de-demanda\/","title":{"rendered":"Planifica y optimiza el espacio de tu almac\u00e9n para picos de demanda"},"content":{"rendered":"<p>Black Friday, Navidad, rebajas de enero\u2026 son fechas que se caracterizan por un importante aumento de las ventas. Ante este crecimiento del consumo, los almacenes deben estar preparados para dar respuesta a esa alta demanda y permitir su correcto almacenaje. En estos casos, la planificaci\u00f3n y la implementaci\u00f3n de soluciones que optimicen el espacio de las instalaciones son la clave.<\/p>\n<p>En numerosos sectores, la Navidad es una de las campa\u00f1as m\u00e1s intensas debido a la subida de ventas que se produce durante este per\u00edodo. <strong>Distribuidores de alimentos, empresas de log\u00edstica y de bienes de consumo<\/strong> en general, preparan sus almacenes para el aumento de actividad previsto en el \u00faltimo trimestre del a\u00f1o. Esta creciente demanda no solo est\u00e1 vinculada a la campa\u00f1a navide\u00f1a, sino tambi\u00e9n a la implantaci\u00f3n del <strong>Black Friday<\/strong>, que adelanta el crecimiento de transacciones y, con ello, la necesidad de <strong>stock y almacenamiento de mercanc\u00edas<\/strong>.<\/p>\n<p>Adem\u00e1s, a esta situaci\u00f3n se a\u00f1ade que, debido a las costumbres de compra online adquiridas durante el confinamiento y cambios en los h\u00e1bitos de los consumidores, <strong>las ventas online<\/strong> baten nuevos r\u00e9cords cada a\u00f1o.<\/p>\n<p>Teniendo en cuenta todos estos factores, el espacio con el que habitualmente cuentan los almacenes de algunos sectores no es suficiente para hacer frente a la demanda creciente de productos. Las comidas y cenas con familiares y amigos se traducen en un espectacular aumento de las compras en el sector de la alimentaci\u00f3n o la tradici\u00f3n del intercambio de regalos supone una de las mejores \u00e9pocas de venta para sectores muy variados como textil, cosm\u00e9tica, juguetes, electr\u00f3nica, ecommerce\u2026 Adem\u00e1s, dado que se trata de una \u00e9poca que viene seguida por la <strong>temporada de rebajas<\/strong>, la necesidad de contar con <strong>mayor espacio de almacenaje contin\u00faa siendo clave. <\/strong><\/p>\n<p>Por todo ello, para hacer frente a este crecimiento de actividad, las compa\u00f1\u00edas deben tener la capacidad de <strong>adaptarse, ser \u00e1giles y flexibles<\/strong> ante la <strong>estacionalidad de la demanda<\/strong>. Se trata de planificar con suficiente antelaci\u00f3n un espacio adecuado para el <strong>almacenaje de las mercanc\u00edas <\/strong>que a corto plazo se ir\u00e1n recibiendo y que superar\u00e1n, tanto en cantidad como en rapidez en la preparaci\u00f3n y entrega, al espacio y ritmo habitual.<\/p>\n<p>\u00bfCrees que tu empresa est\u00e1 preparada para <strong>afrontar los retos de almacenaje y log\u00edstica<\/strong> que supone la Navidad o periodos como el Black Friday?, \u00bfc\u00f3mo puedes optimizar el espacio y capacidad de almacenaje de tus instalaciones? Veamos diferentes soluciones que te ayudar\u00e1n a ampliar el espacio de almacenaje en campa\u00f1as comerciales con alta demanda.<\/p>\n<h2><strong>Soluciones para optimizar el espacio de tu almac\u00e9n para \u00e9pocas de alta demanda<\/strong><\/h2>\n<p>Como hemos mencionado anteriormente, la ampliaci\u00f3n de la capacidad de almacenamiento resulta necesaria para campa\u00f1as como las de Black Friday, Navidad o rebajas. A la hora de habilitar o modificar un almac\u00e9n para ofrecer una respuesta m\u00e1s inmediata y hacer frente a ese incremento de la demanda, las <strong>estanter\u00edas o entreplantas<\/strong> son dos soluciones perfectas para <strong>ampliar el espacio de almacenaje. <\/strong><\/p>\n<p>Antes de nada, ser\u00e1 necesario estudiar las necesidades del almac\u00e9n, la temperatura de almacenaje, organizaci\u00f3n y distribuci\u00f3n de los productos\u2026 ya que no es lo mismo un almac\u00e9n de retail que de alimentaci\u00f3n. Un dise\u00f1o eficiente del lay out maximiza el uso del espacio disponible, facilita el acceso a la carga, mejora el control del stock, reduce el tiempo de manipulaci\u00f3n y ofrece mayor flexibilidad en el caso de tener que realizar cambios en la distribuci\u00f3n de la mercanc\u00eda. Realizar un estudio previo nos permitir\u00e1 escoger la soluci\u00f3n de almacenaje m\u00e1s adecuada.<\/p>\n<p><strong>Estanter\u00edas industriales para ampliar la capacidad de almacenamiento<\/strong><\/p>\n<p>Una de las soluciones m\u00e1s demandas son las <strong><u>estanter\u00edas met\u00e1licas, <\/u><\/strong>ya que permiten almacenar todo tipo de productos y cubren las necesidades de almacenaje de m\u00faltiples sectores. Existen distintos tipos de estanter\u00edas que, seg\u00fan la mercanc\u00eda a almacenar, se pueden clasificar en estanter\u00edas para paletas y cargas pesadas, y en estanter\u00edas para cargas medias y ligeras. Escoger el sistema de estanter\u00eda m\u00e1s adecuado te ayudar\u00e1 a optimizar tu almac\u00e9n de cara al incremento de ventas en Navidad:<\/p>\n<ul>\n<li><a href=\"\/estanterias\/estanterias-para-carga-paletizada\/\">Estanter\u00edas para carga paletizada<\/a><u>.<\/u> Dise\u00f1adas para el almacenaje de cualquier carga paletizada, estas estanter\u00edas se configuran creando diferentes sistemas de almacenaje: \u00a0paletizaci\u00f3n convencional, sistemas de almacenaje compacto, almacenaje din\u00e1mico, sistemas m\u00f3viles,\u00a0 sistemas semiautom\u00e1ticos o autom\u00e1ticos, etc\u2026\u00a0 \u00a0El sistema m\u00e1s usado por su f\u00e1cil montaje, coste econ\u00f3mico y versatilidad es la paletizaci\u00f3n convencional, son estanter\u00edas <strong>muy polivalentes <\/strong>tanto por los tipos de mercanc\u00eda a almacenar, como por los pesos permitidos o la manipulaci\u00f3n de las cargas. Incluso, los estantes inferiores de la estanter\u00eda de carga paletizada pueden acondicionarse para el almacenaje de cajas y paquetes para la realizaci\u00f3n de picking.<\/li>\n<\/ul>\n<ul>\n<li><a href=\"\/productos\/estanterias\/media-carga\">Estanter\u00edas para media carga<\/a>. Para el almacenaje de cajas o paquetes embalados, indicadas para la manipulaci\u00f3n manual o picking, donde los operarios acceden directamente a la mercanc\u00eda. A la hora de ampliar u optimizar el espacio, tambi\u00e9n se pueden utilizar en <a href=\"https:\/\/www.polypal.com\/co\/estanterias\/pasillos-elevados\/\">pasillos elevados<\/a> creando <strong>almacenaje en altura<\/strong>; instalar <strong>niveles de carga<\/strong> con planos de rodillos para crear almacenaje din\u00e1mico o como un elemento de soporte en <a href=\"\/entreplantas\/industrial\/\">entreplantas.<\/a><\/li>\n<\/ul>\n<p><img decoding=\"async\" class=\"aligncenter wp-image-17308\" src=\"https:\/\/www.polypal.com\/wp-content\/uploads\/2021\/10\/Estanteria-media-carga-y-carga-paletizada-polypal-480x320.jpg\" sizes=\"(max-width: 500px) 100vw, 500px\" srcset=\"https:\/\/www.polypal.com\/wp-content\/uploads\/2021\/10\/Estanteria-media-carga-y-carga-paletizada-polypal-480x320.jpg 480w, https:\/\/www.polypal.com\/wp-content\/uploads\/2021\/10\/Estanteria-media-carga-y-carga-paletizada-polypal-150x100.jpg 150w, https:\/\/www.polypal.com\/wp-content\/uploads\/2021\/10\/Estanteria-media-carga-y-carga-paletizada-polypal-1024x683.jpg 1024w, https:\/\/www.polypal.com\/wp-content\/uploads\/2021\/10\/Estanteria-media-carga-y-carga-paletizada-polypal-1536x1024.jpg 1536w, https:\/\/www.polypal.com\/wp-content\/uploads\/2021\/10\/Estanteria-media-carga-y-carga-paletizada-polypal.jpg 1773w\" alt=\"Estanter\u00eda media carga y carga paletizada | POLYPAL STORAGE SYSTEMS\" width=\"500\" height=\"333\" \/><\/p>\n<p>&nbsp;<\/p>\n<ul>\n<li><a href=\"\/productos\/estanterias\/carga-ligera\/estanteria-ligera-industrial\">Estanter\u00edas de carga ligera industrial<\/a>. Se trata de un producto de alta resistencia que permite el almacenaje de cargas manuales de piezas de tama\u00f1o peque\u00f1o y mediano sobre niveles de bandejas. Es una soluci\u00f3n muy vers\u00e1til que ofrece diversas configuraciones seg\u00fan las necesidades de volumen y peso de la carga. Asimismo, dispone de n\u00fameros accesorios que adecuan la organizaci\u00f3n de la mercanc\u00eda: separadores, cajones de pl\u00e1stico, bandejas extra\u00edbles, etc. Es una soluci\u00f3n perfecta para el almacenaje de productos cosm\u00e9ticos, textil, ecommerce, repuestos\u2026Adem\u00e1s, se pueden usar en <strong>sistemas de picking de nivel bajo o a gran altura<\/strong>.<\/li>\n<\/ul>\n<p>&nbsp;<\/p>\n<p><strong>Entreplantas, el aliado para aprovechar espacio en altura<\/strong><\/p>\n<p>Adem\u00e1s de las estanter\u00edas, existe la soluci\u00f3n que ofrecen las <a href=\"\/entreplantas\/entreplantas-altillos\/\">entreplantas<\/a>, tanto di\u00e1fanas sobre columnas como instaladas sobre estanter\u00edas. Las entreplantas aprovechan la altura del almac\u00e9n para <strong>aumentar la superficie<\/strong> y sacar el <strong>m\u00e1ximo rendimiento del espacio disponible<\/strong>. Permiten habilitar nuevas zonas de almacenaje en lugares que antes no estaban aprovechados, de una forma \u00e1gil y sin realizar obra.<\/p>\n<p>Se pueden dise\u00f1ar de uno o varios niveles de suelo en altura y sobre el suelo de la entreplanta se pueden colocar tambi\u00e9n estanter\u00edas aumentando la capacidad de almacenaje del almac\u00e9n.<\/p>\n<p>&nbsp;<\/p>\n<p><img decoding=\"async\" class=\"aligncenter wp-image-17299\" src=\"https:\/\/www.polypal.com\/wp-content\/uploads\/2021\/10\/Entreplanta-almacen-polypal-480x292.jpg\" sizes=\"(max-width: 550px) 100vw, 550px\" srcset=\"https:\/\/www.polypal.com\/wp-content\/uploads\/2021\/10\/Entreplanta-almacen-polypal-480x292.jpg 480w, https:\/\/www.polypal.com\/wp-content\/uploads\/2021\/10\/Entreplanta-almacen-polypal-1920x1169.jpg 1920w, https:\/\/www.polypal.com\/wp-content\/uploads\/2021\/10\/Entreplanta-almacen-polypal-150x91.jpg 150w, https:\/\/www.polypal.com\/wp-content\/uploads\/2021\/10\/Entreplanta-almacen-polypal-1024x624.jpg 1024w, https:\/\/www.polypal.com\/wp-content\/uploads\/2021\/10\/Entreplanta-almacen-polypal-1536x935.jpg 1536w, https:\/\/www.polypal.com\/wp-content\/uploads\/2021\/10\/Entreplanta-almacen-polypal-2048x1247.jpg 2048w\" alt=\"Entreplanta almac\u00e9n | POLYPAL STORAGE SYSTEMS\" width=\"550\" height=\"335\" \/><\/p>\n<p>&nbsp;<\/p>\n<h2><strong>Soluciones profesionales adaptadas a cada espacio<\/strong><\/h2>\n<p>Es importante que la ampliaci\u00f3n del espacio de trabajo sea realizada por un equipo de <strong>profesionales<\/strong> y atendiendo a un<strong> estudio previo <\/strong>para conocer las necesidades del cliente. De esta forma, se asegura un <strong>aumento de la capacidad del almac\u00e9n <\/strong>y el rendimiento del sistema de almacenaje, se <strong>reducen costes<\/strong> y se consigue mejorar los procesos organizativos.<\/p>\n<p>En POLYPAL disponemos de una amplia gama de sistemas de almacenaje que cubre las necesidades de m\u00faltiples sectores. Gestionamos todo el proceso: dise\u00f1o, fabricaci\u00f3n e instalaci\u00f3n del sistema de almacenaje para optimizar el espacio de tus instalaciones de cara a la campa\u00f1a de Navidad o en \u00e9pocas de alta demanda de productos.<\/p>\n<p>&nbsp;<\/p>\n<p><a href=\"https:\/\/www.polypal.com\/co\/contacto\/\"><img decoding=\"async\" class=\"alignnone wp-image-17328 size-full\" src=\"https:\/\/www.polypal.com\/wp-content\/uploads\/2021\/10\/Banner-CTA-post-navidad_weroi-scaled.jpg\" sizes=\"(max-width: 2560px) 100vw, 2560px\" srcset=\"https:\/\/www.polypal.com\/wp-content\/uploads\/2021\/10\/Banner-CTA-post-navidad_weroi-scaled.jpg 2560w, https:\/\/www.polypal.com\/wp-content\/uploads\/2021\/10\/Banner-CTA-post-navidad_weroi-480x111.jpg 480w, https:\/\/www.polypal.com\/wp-content\/uploads\/2021\/10\/Banner-CTA-post-navidad_weroi-1920x444.jpg 1920w, https:\/\/www.polypal.com\/wp-content\/uploads\/2021\/10\/Banner-CTA-post-navidad_weroi-150x35.jpg 150w, https:\/\/www.polypal.com\/wp-content\/uploads\/2021\/10\/Banner-CTA-post-navidad_weroi-1024x237.jpg 1024w, https:\/\/www.polypal.com\/wp-content\/uploads\/2021\/10\/Banner-CTA-post-navidad_weroi-1536x355.jpg 1536w, https:\/\/www.polypal.com\/wp-content\/uploads\/2021\/10\/Banner-CTA-post-navidad_weroi-2048x473.jpg 2048w\" alt=\"Ampliaci\u00f3n almac\u00e9n | POLYPAL STORAGE SYSTEMS\" width=\"2560\" height=\"592\" \/><\/a><\/p>\n<p>&nbsp;<\/p>\n","protected":false},"excerpt":{"rendered":"<p>Black Friday, Navidad, rebajas de enero\u2026 son fechas que se caracterizan por un importante aumento de las ventas. Ante este crecimiento del consumo, los almacenes deben estar preparados para dar respuesta a esa alta demanda y permitir su correcto almacenaje. En estos casos, la planificaci\u00f3n y la implementaci\u00f3n de soluciones que optimicen el espacio de [&hellip;]<\/p>\n","protected":false},"author":7,"featured_media":28188,"comment_status":"open","ping_status":"open","sticky":false,"template":"","format":"standard","meta":{"content-type":"","footnotes":""},"categories":[770,772,725,771,1589,1596,254],"tags":[],"class_list":["post-33280","post","type-post","status-publish","format-standard","has-post-thumbnail","hentry","category-bodega","category-gestion-bodega","category-logistica-co","category-logistica-co-2","category-media-carga-co","category-mezzanine-co","category-paletizacion-convencional-es-co"],"_links":{"self":[{"href":"https:\/\/www.polypal.com\/co\/wp-json\/wp\/v2\/posts\/33280","targetHints":{"allow":["GET"]}}],"collection":[{"href":"https:\/\/www.polypal.com\/co\/wp-json\/wp\/v2\/posts"}],"about":[{"href":"https:\/\/www.polypal.com\/co\/wp-json\/wp\/v2\/types\/post"}],"author":[{"embeddable":true,"href":"https:\/\/www.polypal.com\/co\/wp-json\/wp\/v2\/users\/7"}],"replies":[{"embeddable":true,"href":"https:\/\/www.polypal.com\/co\/wp-json\/wp\/v2\/comments?post=33280"}],"version-history":[{"count":0,"href":"https:\/\/www.polypal.com\/co\/wp-json\/wp\/v2\/posts\/33280\/revisions"}],"wp:featuredmedia":[{"embeddable":true,"href":"https:\/\/www.polypal.com\/co\/wp-json\/wp\/v2\/media\/28188"}],"wp:attachment":[{"href":"https:\/\/www.polypal.com\/co\/wp-json\/wp\/v2\/media?parent=33280"}],"wp:term":[{"taxonomy":"category","embeddable":true,"href":"https:\/\/www.polypal.com\/co\/wp-json\/wp\/v2\/categories?post=33280"},{"taxonomy":"post_tag","embeddable":true,"href":"https:\/\/www.polypal.com\/co\/wp-json\/wp\/v2\/tags?post=33280"}],"curies":[{"name":"wp","href":"https:\/\/api.w.org\/{rel}","templated":true}]}}